{"id":4707,"date":"2022-05-31T13:28:00","date_gmt":"2022-05-31T11:28:00","guid":{"rendered":"http:\/\/biblioteka.oswg-wawa.edu.pl\/?p=4707"},"modified":"2022-06-23T13:33:19","modified_gmt":"2022-06-23T11:33:19","slug":"historia-gluchych-w-pigulce-jozef-sulowski","status":"publish","type":"post","link":"https:\/\/biblioteka.oswg-wawa.edu.pl\/index.php\/2022\/05\/31\/historia-gluchych-w-pigulce-jozef-sulowski\/","title":{"rendered":"Historia G\u0142uchych w pigu\u0142ce &#8211; J\u00f3zef Su\u0142owski"},"content":{"rendered":"\n<p><span class=\"has-inline-color has-black-color\">W ramach udzia\u0142u w Narodowym Programie Rozwoju Czytelnictwa klasa 3a pod nadzorem p. Tomasza \u015awiderskiego zrealizowa\u0142a projekt edukacyjny promuj\u0105cy ksi\u0105\u017cki i czytelnictwo pt. Historia G\u0142uchych w pigu\u0142ce&#8221;. <\/span><\/p>\n\n\n\n<p><span class=\"has-inline-color has-black-color\">Warto zna\u0107 histori\u0119 naszego \u015brodowiska, pe\u0142n\u0105 nieodkrytych zagadek. Poznajmy kim by\u0142 J\u00f3zef Su\u0142owski.<\/span><br><a href=\"https:\/\/pl-pl.facebook.com\/hashtag\/%C5%82uckaczyta?__eep__=6&amp;source=feed_text&amp;epa=HASHTAG&amp;__xts__%5B0%5D=68.ARDwTwaQtCVyPFqIekHOtDQbkGjSi1l7_Kj1W4d-Lq4K9sOw1m2T2xkh3PyOWb7MWuvd2lgmbdj1Z2ZuW-t2ZL_rrHz1D3wTJ289QwlTNU6yO1ecpZDee9mf29L1JJgQ6FrZu0Dn9uPHXeyHwq_g5apVcZ7PcAzsx_0DP1mKWWqEhoGRUqtNTfG6J3XufnEsVwaRri1GLv2vOnBqIANmvXGlK1xRN2e1RbICrDZWIIYji23d02MmpFtB4em5ORDk8xaKxXPCJN1GKocASXbJGYrSONq4JBBWxAtqS0wMXxkYPiM4a64kJg2zMnT_P3KRtA&amp;__tn__=%2ANK-R\">#\u0142uckaczyta<\/a>\u00a0<a href=\"https:\/\/pl-pl.facebook.com\/hashtag\/narodowyprogramrozwojuczytelnictwa?__eep__=6&amp;source=feed_text&amp;epa=HASHTAG&amp;__xts__%5B0%5D=68.ARDwTwaQtCVyPFqIekHOtDQbkGjSi1l7_Kj1W4d-Lq4K9sOw1m2T2xkh3PyOWb7MWuvd2lgmbdj1Z2ZuW-t2ZL_rrHz1D3wTJ289QwlTNU6yO1ecpZDee9mf29L1JJgQ6FrZu0Dn9uPHXeyHwq_g5apVcZ7PcAzsx_0DP1mKWWqEhoGRUqtNTfG6J3XufnEsVwaRri1GLv2vOnBqIANmvXGlK1xRN2e1RbICrDZWIIYji23d02MmpFtB4em5ORDk8xaKxXPCJN1GKocASXbJGYrSONq4JBBWxAtqS0wMXxkYPiM4a64kJg2zMnT_P3KRtA&amp;__tn__=%2ANK-R\">#narodowyprogramrozwojuczytelnictwa<\/a><br><a href=\"https:\/\/pl-pl.facebook.com\/hashtag\/historiag%C5%82uchych?__eep__=6&amp;source=feed_text&amp;epa=HASHTAG&amp;__xts__%5B0%5D=68.ARDwTwaQtCVyPFqIekHOtDQbkGjSi1l7_Kj1W4d-Lq4K9sOw1m2T2xkh3PyOWb7MWuvd2lgmbdj1Z2ZuW-t2ZL_rrHz1D3wTJ289QwlTNU6yO1ecpZDee9mf29L1JJgQ6FrZu0Dn9uPHXeyHwq_g5apVcZ7PcAzsx_0DP1mKWWqEhoGRUqtNTfG6J3XufnEsVwaRri1GLv2vOnBqIANmvXGlK1xRN2e1RbICrDZWIIYji23d02MmpFtB4em5ORDk8xaKxXPCJN1GKocASXbJGYrSONq4JBBWxAtqS0wMXxkYPiM4a64kJg2zMnT_P3KRtA&amp;__tn__=%2ANK-R\">#historiaG\u0142uchych<\/a>\u00a0<a href=\"https:\/\/pl-pl.facebook.com\/hashtag\/surdushistoricus?__eep__=6&amp;source=feed_text&amp;epa=HASHTAG&amp;__xts__%5B0%5D=68.ARDwTwaQtCVyPFqIekHOtDQbkGjSi1l7_Kj1W4d-Lq4K9sOw1m2T2xkh3PyOWb7MWuvd2lgmbdj1Z2ZuW-t2ZL_rrHz1D3wTJ289QwlTNU6yO1ecpZDee9mf29L1JJgQ6FrZu0Dn9uPHXeyHwq_g5apVcZ7PcAzsx_0DP1mKWWqEhoGRUqtNTfG6J3XufnEsVwaRri1GLv2vOnBqIANmvXGlK1xRN2e1RbICrDZWIIYji23d02MmpFtB4em5ORDk8xaKxXPCJN1GKocASXbJGYrSONq4JBBWxAtqS0wMXxkYPiM4a64kJg2zMnT_P3KRtA&amp;__tn__=%2ANK-R\">#surdushistoricus<\/a><\/p>\n\n\n\n<figure class=\"wp-block-embed is-type-video is-provider-youtube wp-block-embed-youtube wp-embed-aspect-16-9 wp-has-aspect-ratio\"><div class=\"wp-block-embed__wrapper\">\n<iframe loading=\"lazy\" title=\"Z historii G\u0142uchych cz.1, J\u00f3zef Su\u0142owski.\" width=\"847\" height=\"476\" src=\"https:\/\/www.youtube.com\/embed\/lvz9PAS55hg?feature=oembed\" frameborder=\"0\" allow=\"accelerometer; autoplay; clipboard-write; encrypted-media; gyroscope; picture-in-picture\" allowfullscreen><\/iframe>\n<\/div><\/figure>\n","protected":false},"excerpt":{"rendered":"<p>W ramach udzia\u0142u w Narodowym Programie Rozwoju Czytelnictwa klasa 3a pod nadzorem p. Tomasza \u015awiderskiego zrealizowa\u0142a projekt edukacyjny promuj\u0105cy ksi\u0105\u017cki i czytelnictwo pt. Historia G\u0142uchych w pigu\u0142ce&#8221;. Warto zna\u0107 histori\u0119 naszego \u015brodowiska, pe\u0142n\u0105 nieodkrytych zagadek. Poznajmy kim by\u0142 J\u00f3zef Su\u0142owski.#\u0142uckaczyta\u00a0#narodowyprogramrozwojuczytelnictwa#historiaG\u0142uchych\u00a0#surdushistoricus<\/p>\n","protected":false},"author":2,"featured_media":0,"comment_status":"closed","ping_status":"closed","sticky":false,"template":"","format":"standard","meta":{"footnotes":""},"categories":[1],"tags":[],"_links":{"self":[{"href":"https:\/\/biblioteka.oswg-wawa.edu.pl\/index.php\/wp-json\/wp\/v2\/posts\/4707"}],"collection":[{"href":"https:\/\/biblioteka.oswg-wawa.edu.pl\/index.php\/wp-json\/wp\/v2\/posts"}],"about":[{"href":"https:\/\/biblioteka.oswg-wawa.edu.pl\/index.php\/wp-json\/wp\/v2\/types\/post"}],"author":[{"embeddable":true,"href":"https:\/\/biblioteka.oswg-wawa.edu.pl\/index.php\/wp-json\/wp\/v2\/users\/2"}],"replies":[{"embeddable":true,"href":"https:\/\/biblioteka.oswg-wawa.edu.pl\/index.php\/wp-json\/wp\/v2\/comments?post=4707"}],"version-history":[{"count":1,"href":"https:\/\/biblioteka.oswg-wawa.edu.pl\/index.php\/wp-json\/wp\/v2\/posts\/4707\/revisions"}],"predecessor-version":[{"id":4708,"href":"https:\/\/biblioteka.oswg-wawa.edu.pl\/index.php\/wp-json\/wp\/v2\/posts\/4707\/revisions\/4708"}],"wp:attachment":[{"href":"https:\/\/biblioteka.oswg-wawa.edu.pl\/index.php\/wp-json\/wp\/v2\/media?parent=4707"}],"wp:term":[{"taxonomy":"category","embeddable":true,"href":"https:\/\/biblioteka.oswg-wawa.edu.pl\/index.php\/wp-json\/wp\/v2\/categories?post=4707"},{"taxonomy":"post_tag","embeddable":true,"href":"https:\/\/biblioteka.oswg-wawa.edu.pl\/index.php\/wp-json\/wp\/v2\/tags?post=4707"}],"curies":[{"name":"wp","href":"https:\/\/api.w.org\/{rel}","templated":true}]}}