{"id":3862,"date":"2020-06-15T13:33:37","date_gmt":"2020-06-15T11:33:37","guid":{"rendered":"http:\/\/biblioteka.oswg-wawa.edu.pl\/?p=3862"},"modified":"2021-02-04T10:05:23","modified_gmt":"2021-02-04T09:05:23","slug":"wakacje-z-malym-ksieciem","status":"publish","type":"post","link":"https:\/\/biblioteka.oswg-wawa.edu.pl\/index.php\/2020\/06\/15\/wakacje-z-malym-ksieciem\/","title":{"rendered":"Wakacje z Ma\u0142ym Ksi\u0119ciem"},"content":{"rendered":"\n<p>#\u0141uckaczyta\u00a0<br><em>Lato, lato, lato czeka<\/em><br><em>Razem z latem czeka rzeka<\/em><br><em>Razem z rzek\u0105 czeka las<\/em><br><em>A tam ci\u0105gle nie ma nas<\/em><br><em>Lato, lato, nie p\u0142acz czasem<\/em><br><em>Czekaj z rzek\u0105, czekaj z lasem<\/em><br><em>W lesie schowaj dla nas ch\u0142odny cie\u0144<\/em><br><em>Przyjedziemy lada dzie\u0144<\/em><br><em>Ju\u017c za par\u0119 dni, za dni par\u0119<\/em><br><em>We\u017amiesz plecak sw\u00f3j i gitar\u0119<\/em><br><em>Po\u017cegnania kilka s\u0142\u00f3w<\/em><br><em>Pitagoras b\u0105d\u017acie zdr\u00f3w<\/em><br><em>Do widzenia wam canto, cantare<\/em><br>Ju\u017c za par\u0119 dni wakacje, dlatego warto ju\u017c teraz do plecaka zapakowa\u0107 ksi\u0105\u017ck\u0119 \u201eMa\u0142y Ksi\u0105\u017c\u0119\u201d, kt\u00f3r\u0105 napisa\u0142 Antoine de Saint-Exupery. Jest to wspania\u0142a lektura na wakacyjne podr\u00f3\u017ce, podczas wylegiwania si\u0119 na pla\u017cy lub w czasie w\u0119dr\u00f3wek g\u00f3rskich. Idealnie nadaje si\u0119 do dyskusji przy ognisku w kr\u0119gu przyjaci\u00f3\u0142. Ksi\u0105\u017cka jest cienka, ma\u0142a i wsz\u0119dzie si\u0119 zmie\u015bci. Ale najwa\u017cniejsze jest to, \u017ce pozwala spojrze\u0107 na ten zwariowany \u015bwiat oczami dziecka. Mimo wszystko \u015bwiat potrafi zachwyca\u0107, a filozofia Ma\u0142ego Ksi\u0119cia pozwala na nowo odkry\u0107 warto\u015bci, kt\u00f3rymi warto kierowa\u0107 si\u0119 w \u017cyciu.\u00a0\u00a0PS. Czy wiecie, \u017ce ksi\u0105\u017cka zosta\u0142a przet\u0142umaczona na 400 j\u0119zyk\u00f3w? Jest te\u017c dost\u0119pna w gwarach i dialektach, w tym r\u00f3wnie\u017c w wersji wielkopolskiej, \u015bl\u0105skiej czy g\u00f3ralskiej. Dla zainteresowanych polecam artyku\u0142 pt. \u201eMa\u0142y Ksi\u0105\u017c\u0119 w gwarach\u201d, kt\u00f3ry mo\u017cna przeczyta\u0107 tutaj:\u00a0<a rel=\"noreferrer noopener\" href=\"http:\/\/poczta.home.pl\/#%C5%81uckaczyta%20 Lato, lato, lato czeka Razem z latem czeka rzeka Razem z rzek%C4%85 czeka las A tam ci%C4%85gle nie ma nas  Lato, lato, nie p%C5%82acz czasem Czekaj z rzek%C4%85, czekaj z lasem W lesie schowaj dla nas ch%C5%82odny cie%C5%84 Przyjedziemy lada dzie%C5%84  Ju%C5%BC za par%C4%99 dni, za dni par%C4%99 We%C5%BAmiesz plecak sw%C3%B3j i gitar%C4%99 Po%C5%BCegnania kilka s%C5%82%C3%B3w Pitagoras b%C4%85d%C5%BAcie zdr%C3%B3w Do widzenia wam canto, cantare autor: Ludwik Jerzy Kern  Ju%C5%BC za par%C4%99 dni wakacje, dlatego warto ju%C5%BC teraz do plecaka zapakowa%C4%87 ksi%C4%85%C5%BCk%C4%99 %E2%80%9EMa%C5%82y Ksi%C4%85%C5%BC%C4%99%E2%80%9D, kt%C3%B3r%C4%85 napisa%C5%82 Antoine de Saint-Exupery. Jest to wspania%C5%82a lektura na wakacyjne podr%C3%B3%C5%BCe, podczas wylegiwania si%C4%99 na pla%C5%BCy lub w czasie w%C4%99dr%C3%B3wek g%C3%B3rskich. Idealnie nadaje si%C4%99 do dyskusji przy ognisku w kr%C4%99gu przyjaci%C3%B3%C5%82. Ksi%C4%85%C5%BCka jest cienka, ma%C5%82a i wsz%C4%99dzie si%C4%99 zmie%C5%9Bci. Ale najwa%C5%BCniejsze jest to, %C5%BCe pozwala spojrze%C4%87 na ten zwariowany %C5%9Bwiat oczami dziecka. Mimo wszystko %C5%9Bwiat potrafi zachwyca%C4%87, a filozofia Ma%C5%82ego Ksi%C4%99cia pozwala na nowo odkry%C4%87 warto%C5%9Bci, kt%C3%B3rymi warto kierowa%C4%87 si%C4%99 w %C5%BCyciu.  PS. Czy wiecie, %C5%BCe ksi%C4%85%C5%BCka zosta%C5%82a przet%C5%82umaczona na 400 j%C4%99zyk%C3%B3w? Jest te%C5%BC dost%C4%99pna w gwarach i dialektach, w tym r%C3%B3wnie%C5%BC w wersji wielkopolskiej, %C5%9Bl%C4%85skiej czy g%C3%B3ralskiej. Dla zainteresowanych polecam artyku%C5%82 pt. %E2%80%9EMa%C5%82y Ksi%C4%85%C5%BC%C4%99 w gwarach%E2%80%9D, kt%C3%B3ry mo%C5%BCna przeczyta%C4%87 tutaj: https:\/\/culture.pl\/pl\/artykul\/maly-ksiaze-w-gwarach\" target=\"_blank\">https:\/\/culture.pl\/pl\/artykul\/maly-ksiaze-w-gwarach<\/a>Fot. \u017cr\u00f3d\u0142o: google.pl, autor piosenki: Ludwik Jerzy Kern.<\/p>\n\n\n\n<ul class=\"wp-block-gallery columns-2 is-cropped wp-block-gallery-1 is-layout-flex wp-block-gallery-is-layout-flex\"><li class=\"blocks-gallery-item\"><figure><img loading=\"lazy\" decoding=\"async\" width=\"713\" height=\"1024\" src=\"http:\/\/biblioteka.oswg-wawa.edu.pl\/wp-content\/uploads\/2020\/06\/3399906376733-713x1024.jpg\" alt=\"\" data-id=\"3863\" data-link=\"http:\/\/biblioteka.oswg-wawa.edu.pl\/?attachment_id=3863\" class=\"wp-image-3863\" srcset=\"https:\/\/biblioteka.oswg-wawa.edu.pl\/wp-content\/uploads\/2020\/06\/3399906376733-713x1024.jpg 713w, https:\/\/biblioteka.oswg-wawa.edu.pl\/wp-content\/uploads\/2020\/06\/3399906376733-209x300.jpg 209w, https:\/\/biblioteka.oswg-wawa.edu.pl\/wp-content\/uploads\/2020\/06\/3399906376733-768x1104.jpg 768w, https:\/\/biblioteka.oswg-wawa.edu.pl\/wp-content\/uploads\/2020\/06\/3399906376733-960x1380.jpg 960w, https:\/\/biblioteka.oswg-wawa.edu.pl\/wp-content\/uploads\/2020\/06\/3399906376733.jpg 1000w\" sizes=\"(max-width: 713px) 100vw, 713px\" \/><\/figure><\/li><li class=\"blocks-gallery-item\"><figure><img loading=\"lazy\" decoding=\"async\" width=\"500\" height=\"727\" src=\"http:\/\/biblioteka.oswg-wawa.edu.pl\/wp-content\/uploads\/2020\/06\/d830213.jpg\" alt=\"\" data-id=\"3864\" data-link=\"http:\/\/biblioteka.oswg-wawa.edu.pl\/?attachment_id=3864\" class=\"wp-image-3864\" srcset=\"https:\/\/biblioteka.oswg-wawa.edu.pl\/wp-content\/uploads\/2020\/06\/d830213.jpg 500w, https:\/\/biblioteka.oswg-wawa.edu.pl\/wp-content\/uploads\/2020\/06\/d830213-206x300.jpg 206w\" sizes=\"(max-width: 500px) 100vw, 500px\" \/><\/figure><\/li><\/ul>\n","protected":false},"excerpt":{"rendered":"<p>#\u0141uckaczyta\u00a0Lato, lato, lato czekaRazem z latem czeka rzekaRazem z rzek\u0105 czeka lasA tam ci\u0105gle nie ma nasLato, lato, nie p\u0142acz czasemCzekaj z rzek\u0105, czekaj z lasemW lesie schowaj dla nas ch\u0142odny cie\u0144Przyjedziemy lada dzie\u0144Ju\u017c za par\u0119 dni, za dni par\u0119We\u017amiesz plecak sw\u00f3j i gitar\u0119Po\u017cegnania kilka s\u0142\u00f3wPitagoras b\u0105d\u017acie zdr\u00f3wDo widzenia wam <a href=\"https:\/\/biblioteka.oswg-wawa.edu.pl\/index.php\/2020\/06\/15\/wakacje-z-malym-ksieciem\/\" class=\"read-more\">Czytaj dalej&#8230;<\/a><\/p>\n","protected":false},"author":2,"featured_media":0,"comment_status":"closed","ping_status":"closed","sticky":false,"template":"","format":"standard","meta":{"footnotes":""},"categories":[1],"tags":[],"_links":{"self":[{"href":"https:\/\/biblioteka.oswg-wawa.edu.pl\/index.php\/wp-json\/wp\/v2\/posts\/3862"}],"collection":[{"href":"https:\/\/biblioteka.oswg-wawa.edu.pl\/index.php\/wp-json\/wp\/v2\/posts"}],"about":[{"href":"https:\/\/biblioteka.oswg-wawa.edu.pl\/index.php\/wp-json\/wp\/v2\/types\/post"}],"author":[{"embeddable":true,"href":"https:\/\/biblioteka.oswg-wawa.edu.pl\/index.php\/wp-json\/wp\/v2\/users\/2"}],"replies":[{"embeddable":true,"href":"https:\/\/biblioteka.oswg-wawa.edu.pl\/index.php\/wp-json\/wp\/v2\/comments?post=3862"}],"version-history":[{"count":1,"href":"https:\/\/biblioteka.oswg-wawa.edu.pl\/index.php\/wp-json\/wp\/v2\/posts\/3862\/revisions"}],"predecessor-version":[{"id":3865,"href":"https:\/\/biblioteka.oswg-wawa.edu.pl\/index.php\/wp-json\/wp\/v2\/posts\/3862\/revisions\/3865"}],"wp:attachment":[{"href":"https:\/\/biblioteka.oswg-wawa.edu.pl\/index.php\/wp-json\/wp\/v2\/media?parent=3862"}],"wp:term":[{"taxonomy":"category","embeddable":true,"href":"https:\/\/biblioteka.oswg-wawa.edu.pl\/index.php\/wp-json\/wp\/v2\/categories?post=3862"},{"taxonomy":"post_tag","embeddable":true,"href":"https:\/\/biblioteka.oswg-wawa.edu.pl\/index.php\/wp-json\/wp\/v2\/tags?post=3862"}],"curies":[{"name":"wp","href":"https:\/\/api.w.org\/{rel}","templated":true}]}}