{"id":3746,"date":"2020-05-12T12:45:13","date_gmt":"2020-05-12T10:45:13","guid":{"rendered":"http:\/\/biblioteka.oswg-wawa.edu.pl\/?p=3746"},"modified":"2020-05-12T12:50:46","modified_gmt":"2020-05-12T10:50:46","slug":"jan-pawel-ii-w-literaturze","status":"publish","type":"post","link":"https:\/\/biblioteka.oswg-wawa.edu.pl\/index.php\/2020\/05\/12\/jan-pawel-ii-w-literaturze\/","title":{"rendered":"Jan Pawe\u0142 II w literaturze"},"content":{"rendered":"\n<p>Z okazji 100-tnych urodzin Jana Paw\u0142a II warto poczyta\u0107 ksi\u0105\u017cki o Nim i przez Niego napisane. Co polecamy? W zbiorach naszej biblioteki znajdziecie pere\u0142ki:<br>\u201e<em>Kwiatki Jana Paw\u0142a II<\/em>\u201d czyli zbi\u00f3r zabawnych anegdot i sytuacji, kt\u00f3re pokazuj\u0105 poczucie humoru papie\u017ca Jana Paw\u0142a II. Mamy te\u017c pozycje napisane przez Karola Wojty\u0142\u0119: \u201e<em>Pos\u0142aniec mi\u0142o\u015bci<\/em>\u201d, \u201e<em>Tryptyk rzymski<\/em>\u201d oraz \u201e<em>Pami\u0119\u0107 i to\u017csamo\u015b\u0107<\/em>\u201d. W tej ostatniej prezentuje sw\u00f3j stosunek do patriotyzmu, ojczyzny oraz kap\u0142a\u0144stwa. S\u0105 te\u017c w naszych zbiorach listy prywatne Jana Paw\u0142a II opublikowane w ksi\u0105\u017cce \u201eP<em>ozdrawiam i b\u0142ogos\u0142awi\u0119<\/em>\u201d. Rys historyczny \u015bwiata w okresie pontyfikatu Karola Wojty\u0142y jest nakre\u015blony w pozycji \u201e<em>Jan Pawe\u0142 II-cz\u0142owiek i historia XX wieku<\/em>\u201d. Opr\u00f3cz tego polecamy inne ksi\u0105\u017cki, kt\u00f3re s\u0105 dost\u0119pne w bibliotekach publicznych, a kt\u00f3re warto przeczyta\u0107:<br>&#8211; \u201e<em>Dar i Tajemnica. W pi\u0119\u0107dziesi\u0105t\u0105 rocznic\u0119 moich \u015bwi\u0119ce\u0144 kap\u0142a\u0144skich<\/em>\u201d, \u201e<em>Wsta\u0144cie, chod\u017amy!<\/em>\u201d &#8211; obie autorstwa Jana Paw\u0142a II,<\/p>\n\n\n\n<p>&#8211; \u201e<em>M\u0142ode lata Papie\u017ca. Lolek<\/em>\u201d P. Zuchniewicz. Bardzo ciekawa powie\u015b\u0107 biograficzna,&nbsp;<\/p>\n\n\n\n<p>&#8211; \u201e<em>Najbardziej lubi\u0142 wtorki. Opowie\u015b\u0107 o \u017cyciu codziennym Jana Paw\u0142a II<\/em>\u201d B. Grysiak,&nbsp;<\/p>\n\n\n\n<p>&#8211;&nbsp; \u201e<em>Papie\u017c z Polski. Nasz \u015bwi\u0119ty. Powie\u015b\u0107 biograficzna<\/em>\u201d P. Zuchniewicz,<\/p>\n\n\n\n<p>&#8211; \u201e<em>Wujek Karol. Kap\u0142a\u0144skie lata Papie\u017ca<\/em>\u201d. Biografia papie\u017ca od momentu przyj\u0119cia \u015bwi\u0119ce\u0144 do 1960r.,<\/p>\n\n\n\n<p>&#8211; \u201e<em>Cuda Jana Paw\u0142a II<\/em>\u201d. Pi\u0119kna ksi\u0105\u017cka, kt\u00f3r\u0105 r\u00f3wnie\u017c warto przeczyta\u0107 w dobie pandemii, poniewa\u017c niesie nadziej\u0119, tak nam wszystkim potrzebn\u0105,<\/p>\n\n\n\n<p>&#8211; \u201e<em>Matka Papie\u017ca. Poruszaj\u0105ca opowie\u015b\u0107 o Emilii Wojty\u0142owej<\/em>\u201d. M. Kindziuk w ksi\u0105\u017cce przedstawi\u0142a du\u017co zdj\u0119\u0107 i nieznanych fakt\u00f3w z \u017cycia rodziny Wojty\u0142\u00f3w i oczywi\u015bcie wiele ciekawostek na&nbsp; temat matki Papie\u017ca Polaka,<\/p>\n\n\n\n<p>\u2013\u201e<em>1001 rzeczy, kt\u00f3re warto wiedzie\u0107 o Janie Pawle II<\/em>\u201d T. Kr\u00f3lak,<\/p>\n\n\n\n<p>&#8211; \u201e<em>Jestem synem tej ziemi\u2026 Szlaki papieskie. Przewodniki t. 1, 2,3<\/em>.\u201d U. J. W\u0142asiuk. Jest to cykl przewodnik\u00f3w dla turyst\u00f3w kochaj\u0105cych w\u0119dr\u00f3wki po g\u00f3rach, a dodatkowo &#8211; \u015bladami JP2 \u2013 du\u017co zdj\u0119\u0107 i nawi\u0105za\u0144 do osoby K.Wojty\u0142y. Oczywi\u015bcie nie pomijaj\u0105c opis\u00f3w samych teren\u00f3w g\u00f3rskich tras i miejscowo\u015bci.<\/p>\n\n\n\n<p>&#8211; \u201e<em>Donos na Wojty\u0142\u0119. Karol Wojty\u0142a w oczach bezpieki<\/em>\u201d M. Lasota to pozycja dla pasjonat\u00f3w historii, zdo\u015b\u0107 trudna, ale zawieraj\u0105ca du\u017co zdj\u0119\u0107 i skan\u00f3w pism,<\/p>\n\n\n\n<p>&#8211; \u201e<em>Pozw\u00f3lcie mi odej\u015b\u0107. Si\u0142a w s\u0142abo\u015bci Jana Paw\u0142a II<\/em>\u201d to wywiad-rzeka czyli interesuj\u0105ce rozmowy m.in. z osobistym sekretarzem JP2 \u2013 ks. Dziwiszem, osobistym lekarzem Papie\u017ca Polaka. Ksi\u0105\u017cka faktograficzna, z kt\u00f3rej mo\u017cna dowiedzie\u0107 si\u0119, jaki Karol Wojty\u0142a mia\u0142 stosunek do cierpienia, choroby i gdzie szuka\u0142 sensu \u017cycia.<\/p>\n\n\n\n<p>I ostatnia polecana pozycja to \u201e<em>Santo Subito. Tajemnice \u015bwi\u0119to\u015bci Jana Paw\u0142a II<\/em>\u201d A. Tornielli.<\/p>\n\n\n\n<p>Dzi\u0119kuj\u0119 pani Kindze Pac, wychowawczyni internatu, za wsp\u00f3\u0142prac\u0119 przy opracowaniu listy ksi\u0105\u017cek o Janie Pawle II \ud83d\ude42<\/p>\n\n\n\n<ul class=\"wp-block-gallery columns-4 is-cropped wp-block-gallery-1 is-layout-flex wp-block-gallery-is-layout-flex\"><li class=\"blocks-gallery-item\"><figure><img loading=\"lazy\" decoding=\"async\" width=\"482\" height=\"733\" src=\"http:\/\/biblioteka.oswg-wawa.edu.pl\/wp-content\/uploads\/2020\/05\/IMG_20200512_121933-1.jpg\" alt=\"\" data-id=\"3749\" data-link=\"http:\/\/biblioteka.oswg-wawa.edu.pl\/?attachment_id=3749\" class=\"wp-image-3749\" srcset=\"https:\/\/biblioteka.oswg-wawa.edu.pl\/wp-content\/uploads\/2020\/05\/IMG_20200512_121933-1.jpg 482w, https:\/\/biblioteka.oswg-wawa.edu.pl\/wp-content\/uploads\/2020\/05\/IMG_20200512_121933-1-197x300.jpg 197w\" sizes=\"(max-width: 482px) 100vw, 482px\" \/><\/figure><\/li><li class=\"blocks-gallery-item\"><figure><img loading=\"lazy\" decoding=\"async\" width=\"238\" height=\"338\" src=\"http:\/\/biblioteka.oswg-wawa.edu.pl\/wp-content\/uploads\/2020\/05\/IMG_20200512_122349-1.jpg\" alt=\"\" data-id=\"3750\" data-link=\"http:\/\/biblioteka.oswg-wawa.edu.pl\/?attachment_id=3750\" class=\"wp-image-3750\" srcset=\"https:\/\/biblioteka.oswg-wawa.edu.pl\/wp-content\/uploads\/2020\/05\/IMG_20200512_122349-1.jpg 238w, https:\/\/biblioteka.oswg-wawa.edu.pl\/wp-content\/uploads\/2020\/05\/IMG_20200512_122349-1-211x300.jpg 211w\" sizes=\"(max-width: 238px) 100vw, 238px\" \/><\/figure><\/li><li class=\"blocks-gallery-item\"><figure><img loading=\"lazy\" decoding=\"async\" width=\"607\" height=\"873\" src=\"http:\/\/biblioteka.oswg-wawa.edu.pl\/wp-content\/uploads\/2020\/05\/IMG_20200512_122558.jpg\" alt=\"\" data-id=\"3751\" data-link=\"http:\/\/biblioteka.oswg-wawa.edu.pl\/?attachment_id=3751\" class=\"wp-image-3751\" srcset=\"https:\/\/biblioteka.oswg-wawa.edu.pl\/wp-content\/uploads\/2020\/05\/IMG_20200512_122558.jpg 607w, https:\/\/biblioteka.oswg-wawa.edu.pl\/wp-content\/uploads\/2020\/05\/IMG_20200512_122558-209x300.jpg 209w\" sizes=\"(max-width: 607px) 100vw, 607px\" \/><\/figure><\/li><li class=\"blocks-gallery-item\"><figure><img loading=\"lazy\" decoding=\"async\" width=\"275\" height=\"400\" src=\"http:\/\/biblioteka.oswg-wawa.edu.pl\/wp-content\/uploads\/2020\/05\/IMG_20200512_122448.jpg\" alt=\"\" data-id=\"3752\" data-link=\"http:\/\/biblioteka.oswg-wawa.edu.pl\/?attachment_id=3752\" class=\"wp-image-3752\" srcset=\"https:\/\/biblioteka.oswg-wawa.edu.pl\/wp-content\/uploads\/2020\/05\/IMG_20200512_122448.jpg 275w, https:\/\/biblioteka.oswg-wawa.edu.pl\/wp-content\/uploads\/2020\/05\/IMG_20200512_122448-206x300.jpg 206w\" sizes=\"(max-width: 275px) 100vw, 275px\" \/><\/figure><\/li><\/ul>\n","protected":false},"excerpt":{"rendered":"<p>Z okazji 100-tnych urodzin Jana Paw\u0142a II warto poczyta\u0107 ksi\u0105\u017cki o Nim i przez Niego napisane. Co polecamy? W zbiorach naszej biblioteki znajdziecie pere\u0142ki:\u201eKwiatki Jana Paw\u0142a II\u201d czyli zbi\u00f3r zabawnych anegdot i sytuacji, kt\u00f3re pokazuj\u0105 poczucie humoru papie\u017ca Jana Paw\u0142a II. Mamy te\u017c pozycje napisane przez Karola Wojty\u0142\u0119: \u201ePos\u0142aniec mi\u0142o\u015bci\u201d, <a href=\"https:\/\/biblioteka.oswg-wawa.edu.pl\/index.php\/2020\/05\/12\/jan-pawel-ii-w-literaturze\/\" class=\"read-more\">Czytaj dalej&#8230;<\/a><\/p>\n","protected":false},"author":2,"featured_media":0,"comment_status":"closed","ping_status":"closed","sticky":false,"template":"","format":"standard","meta":{"footnotes":""},"categories":[1],"tags":[],"_links":{"self":[{"href":"https:\/\/biblioteka.oswg-wawa.edu.pl\/index.php\/wp-json\/wp\/v2\/posts\/3746"}],"collection":[{"href":"https:\/\/biblioteka.oswg-wawa.edu.pl\/index.php\/wp-json\/wp\/v2\/posts"}],"about":[{"href":"https:\/\/biblioteka.oswg-wawa.edu.pl\/index.php\/wp-json\/wp\/v2\/types\/post"}],"author":[{"embeddable":true,"href":"https:\/\/biblioteka.oswg-wawa.edu.pl\/index.php\/wp-json\/wp\/v2\/users\/2"}],"replies":[{"embeddable":true,"href":"https:\/\/biblioteka.oswg-wawa.edu.pl\/index.php\/wp-json\/wp\/v2\/comments?post=3746"}],"version-history":[{"count":3,"href":"https:\/\/biblioteka.oswg-wawa.edu.pl\/index.php\/wp-json\/wp\/v2\/posts\/3746\/revisions"}],"predecessor-version":[{"id":3755,"href":"https:\/\/biblioteka.oswg-wawa.edu.pl\/index.php\/wp-json\/wp\/v2\/posts\/3746\/revisions\/3755"}],"wp:attachment":[{"href":"https:\/\/biblioteka.oswg-wawa.edu.pl\/index.php\/wp-json\/wp\/v2\/media?parent=3746"}],"wp:term":[{"taxonomy":"category","embeddable":true,"href":"https:\/\/biblioteka.oswg-wawa.edu.pl\/index.php\/wp-json\/wp\/v2\/categories?post=3746"},{"taxonomy":"post_tag","embeddable":true,"href":"https:\/\/biblioteka.oswg-wawa.edu.pl\/index.php\/wp-json\/wp\/v2\/tags?post=3746"}],"curies":[{"name":"wp","href":"https:\/\/api.w.org\/{rel}","templated":true}]}}