{"id":1581,"date":"2017-05-29T11:55:57","date_gmt":"2017-05-29T09:55:57","guid":{"rendered":"http:\/\/biblioteka.oswg-wawa.edu.pl\/?p=1581"},"modified":"2017-05-29T12:32:13","modified_gmt":"2017-05-29T10:32:13","slug":"zakonczyla-sie-ogolnopolska-akcja-zbiorki-ksiazek-do-szpitali-dzieciecych-zaczytane-biblioteki","status":"publish","type":"post","link":"https:\/\/biblioteka.oswg-wawa.edu.pl\/index.php\/2017\/05\/29\/zakonczyla-sie-ogolnopolska-akcja-zbiorki-ksiazek-do-szpitali-dzieciecych-zaczytane-biblioteki\/","title":{"rendered":"Zako\u0144czy\u0142a si\u0119 og\u00f3lnopolska akcja zbi\u00f3rki ksi\u0105\u017cek do szpitali dzieci\u0119cych &#8222;Zaczytane biblioteki&#8221;"},"content":{"rendered":"<p><span style=\"color: #000000;\"><img loading=\"lazy\" decoding=\"async\" class=\"alignleft wp-image-1584 size-medium\" src=\"http:\/\/biblioteka.oswg-wawa.edu.pl\/wp-content\/uploads\/2017\/05\/plakat_www_2017-1-212x300.jpg\" alt=\"\" width=\"212\" height=\"300\" srcset=\"https:\/\/biblioteka.oswg-wawa.edu.pl\/wp-content\/uploads\/2017\/05\/plakat_www_2017-1-212x300.jpg 212w, https:\/\/biblioteka.oswg-wawa.edu.pl\/wp-content\/uploads\/2017\/05\/plakat_www_2017-1-768x1086.jpg 768w, https:\/\/biblioteka.oswg-wawa.edu.pl\/wp-content\/uploads\/2017\/05\/plakat_www_2017-1-724x1024.jpg 724w, https:\/\/biblioteka.oswg-wawa.edu.pl\/wp-content\/uploads\/2017\/05\/plakat_www_2017-1-960x1357.jpg 960w, https:\/\/biblioteka.oswg-wawa.edu.pl\/wp-content\/uploads\/2017\/05\/plakat_www_2017-1.jpg 1191w\" sizes=\"(max-width: 212px) 100vw, 212px\" \/>21 maja 2017r. zako\u0144czy\u0142a si\u0119 og\u00f3lnopolska akcja zbi\u00f3rki ksi\u0105\u017cek do szpitali dzieci\u0119cych &#8222;<strong><span style=\"color: #003366;\">Zaczytane biblioteki<\/span><\/strong>&#8222;, kt\u00f3r\u0105 zorganizowa\u0142a Fundacja Zaczytani.org. My te\u017c brali\u015bmy w niej udzia\u0142 \ud83d\ude42 W pi\u0105tek 26 maja przekazali\u015bmy 127 ksi\u0105\u017cek, kt\u00f3re <strong><span style=\"color: #003366;\">pan Jacek Adamiak<\/span><\/strong> zawi\u00f3z\u0142 do magazynu, za co serdecznie dzi\u0119kujemy \ud83d\ude42 Za kilka dni dowiemy si\u0119, do kt\u00f3rego szpitala trafi\u0105 nasze ksi\u0105\u017cki. Oto darczy\u0144cy, kt\u00f3rym serdecznie dzi\u0119kujemy za udzia\u0142 w akcji: <span style=\"color: #003366;\"><strong>pani Anna Stopi\u0144ska, pani Katarzyna Szyszko, pani Marta \u017bulewska, pani Anna Mi\u0119kus, pani Anna Antos, pani Edyta Sapi\u0144ska, pani Alicja Or\u0142owska oraz uczniowie: Gabriela Weso\u0142owska i Bartosz Wypych. <\/strong><\/span>O akcji informowali\u015bmy tutaj:<span style=\"color: #003366;\"><span style=\"color: #800000;\"><a style=\"color: #800000;\" href=\"http:\/\/biblioteka.oswg-wawa.edu.pl\/index.php\/2017\/04\/27\/zbiorka-ksiazek-dla-chorych-dzieci-w-szpitalach\/\"><strong> http:\/\/biblioteka.oswg-wawa.edu.pl\/index.php\/2017\/04\/27\/zbiorka-ksiazek-dla-chorych-dzieci-w-szpitalach\/<\/strong><\/a><\/span><strong><br \/>\n<\/strong><\/span><\/span><\/p>\n<p style=\"text-align: center;\">Poni\u017cej podzi\u0119kowania, kt\u00f3re otrzymali\u015bmy od Organizator\u00f3w zbi\u00f3rki \ud83d\ude42<\/p>\n<p><img loading=\"lazy\" decoding=\"async\" class=\"alignleft wp-image-1587 size-large\" src=\"http:\/\/biblioteka.oswg-wawa.edu.pl\/wp-content\/uploads\/2017\/05\/podziekowania-691x1024.jpg\" alt=\"\" width=\"640\" height=\"948\" srcset=\"https:\/\/biblioteka.oswg-wawa.edu.pl\/wp-content\/uploads\/2017\/05\/podziekowania-691x1024.jpg 691w, https:\/\/biblioteka.oswg-wawa.edu.pl\/wp-content\/uploads\/2017\/05\/podziekowania-202x300.jpg 202w, https:\/\/biblioteka.oswg-wawa.edu.pl\/wp-content\/uploads\/2017\/05\/podziekowania-768x1138.jpg 768w, https:\/\/biblioteka.oswg-wawa.edu.pl\/wp-content\/uploads\/2017\/05\/podziekowania-960x1422.jpg 960w\" sizes=\"(max-width: 640px) 100vw, 640px\" \/><\/p>\n","protected":false},"excerpt":{"rendered":"<p>21 maja 2017r. zako\u0144czy\u0142a si\u0119 og\u00f3lnopolska akcja zbi\u00f3rki ksi\u0105\u017cek do szpitali dzieci\u0119cych &#8222;Zaczytane biblioteki&#8222;, kt\u00f3r\u0105 zorganizowa\u0142a Fundacja Zaczytani.org. My te\u017c brali\u015bmy w niej udzia\u0142 \ud83d\ude42 W pi\u0105tek 26 maja przekazali\u015bmy 127 ksi\u0105\u017cek, kt\u00f3re pan Jacek Adamiak zawi\u00f3z\u0142 do magazynu, za co serdecznie dzi\u0119kujemy \ud83d\ude42 Za kilka dni dowiemy si\u0119, do <a href=\"https:\/\/biblioteka.oswg-wawa.edu.pl\/index.php\/2017\/05\/29\/zakonczyla-sie-ogolnopolska-akcja-zbiorki-ksiazek-do-szpitali-dzieciecych-zaczytane-biblioteki\/\" class=\"read-more\">Czytaj dalej&#8230;<\/a><\/p>\n","protected":false},"author":2,"featured_media":0,"comment_status":"closed","ping_status":"closed","sticky":false,"template":"","format":"standard","meta":{"footnotes":""},"categories":[1],"tags":[],"_links":{"self":[{"href":"https:\/\/biblioteka.oswg-wawa.edu.pl\/index.php\/wp-json\/wp\/v2\/posts\/1581"}],"collection":[{"href":"https:\/\/biblioteka.oswg-wawa.edu.pl\/index.php\/wp-json\/wp\/v2\/posts"}],"about":[{"href":"https:\/\/biblioteka.oswg-wawa.edu.pl\/index.php\/wp-json\/wp\/v2\/types\/post"}],"author":[{"embeddable":true,"href":"https:\/\/biblioteka.oswg-wawa.edu.pl\/index.php\/wp-json\/wp\/v2\/users\/2"}],"replies":[{"embeddable":true,"href":"https:\/\/biblioteka.oswg-wawa.edu.pl\/index.php\/wp-json\/wp\/v2\/comments?post=1581"}],"version-history":[{"count":6,"href":"https:\/\/biblioteka.oswg-wawa.edu.pl\/index.php\/wp-json\/wp\/v2\/posts\/1581\/revisions"}],"predecessor-version":[{"id":1592,"href":"https:\/\/biblioteka.oswg-wawa.edu.pl\/index.php\/wp-json\/wp\/v2\/posts\/1581\/revisions\/1592"}],"wp:attachment":[{"href":"https:\/\/biblioteka.oswg-wawa.edu.pl\/index.php\/wp-json\/wp\/v2\/media?parent=1581"}],"wp:term":[{"taxonomy":"category","embeddable":true,"href":"https:\/\/biblioteka.oswg-wawa.edu.pl\/index.php\/wp-json\/wp\/v2\/categories?post=1581"},{"taxonomy":"post_tag","embeddable":true,"href":"https:\/\/biblioteka.oswg-wawa.edu.pl\/index.php\/wp-json\/wp\/v2\/tags?post=1581"}],"curies":[{"name":"wp","href":"https:\/\/api.w.org\/{rel}","templated":true}]}}