{"id":321,"date":"2006-05-24T13:07:14","date_gmt":"2006-05-24T11:07:14","guid":{"rendered":"http:\/\/ebiblioteka.oswg-wawa.edu.pl\/?p=321"},"modified":"2016-04-07T13:08:03","modified_gmt":"2016-04-07T11:08:03","slug":"lekcja-w-bibliotece-uniwersyteckiej","status":"publish","type":"post","link":"http:\/\/biblioteka.oswg-wawa.edu.pl\/index.php\/2006\/05\/24\/lekcja-w-bibliotece-uniwersyteckiej\/","title":{"rendered":"Lekcja w Bibliotece Uniwersyteckiej"},"content":{"rendered":"<p style=\"text-align: justify;\">24.05.2006 r. uczniowie klas II Liceum Profilowanego wyszli na lekcj\u0119 biblioteczn\u0105 do biblioteki Uniwersyteckiej (BUW) przy ul. Dobrej w Warszawie. Jest to ju\u017c tradycja, \u017ce zawsze w maju uczniowie klas II L.P. mog\u0105 zwiedza\u0107 BUW. W czasie tej lekcji uczniowie zapoznali si\u0119<br \/>\nz regulaminem BUW-u, ksi\u0119gozbiorem stoj\u0105cym w wolnym dost\u0119pie do p\u00f3\u0142ek, katalogiem komputerowym. Ponadto mogli\u015bmy zobaczy\u0107 krzes\u0142o, na kt\u00f3rym siedzia\u0142 papie\u017c Jan Pawe\u0142 II podczas uroczysto\u015bci po\u015bwi\u0119cenia BUW-u, a tak\u017ce sale z rycinami i gabinety pracy samodzielnej dla profesor\u00f3w uniwersytetu i dla os\u00f3b niewidomych. Przy okazji uczniowie zobaczyli r\u00f3wnie\u017c czytelni\u0119 g\u0142\u00f3wn\u0105, stanowiska z komputerami stacjonarnymi oraz miejsca, gdzie mo\u017cna pracowa\u0107 z w\u0142asnym laptopem. Du\u017ce zainteresowanie wzbudzi\u0142a czytelnia czasopism oraz mikrofilm\u00f3w, a tak\u017ce wystawy, kt\u00f3re obecnie trwaj\u0105 w bibliotece. G\u0142\u00f3wnym celem wyj\u015bcia do BUW-u by\u0142o zach\u0119cenie m\u0142odzie\u017cy do korzystania z dobrych warunk\u00f3w do nauki oraz swobodnego dost\u0119pu do ksi\u0119gozbioru pod k\u0105tem przygotowa\u0144 do matury. Wycieczka zako\u0144czy\u0142\u0105 si\u0119 chwil\u0105 relaksu w ogrodzie mieszcz\u0105cym si\u0119 na dachu BUW-u.<\/p>\n","protected":false},"excerpt":{"rendered":"<p>24.05.2006 r. uczniowie klas II Liceum Profilowanego wyszli na lekcj\u0119 biblioteczn\u0105 do biblioteki Uniwersyteckiej (BUW) przy ul. Dobrej w Warszawie. Jest to ju\u017c tradycja, \u017ce zawsze w maju uczniowie klas II L.P. mog\u0105 zwiedza\u0107 BUW. W czasie tej lekcji uczniowie zapoznali si\u0119 z regulaminem BUW-u, ksi\u0119gozbiorem stoj\u0105cym w wolnym dost\u0119pie <a href=\"http:\/\/biblioteka.oswg-wawa.edu.pl\/index.php\/2006\/05\/24\/lekcja-w-bibliotece-uniwersyteckiej\/\" class=\"read-more\">Czytaj dalej&#8230;<\/a><\/p>\n","protected":false},"author":2,"featured_media":0,"comment_status":"closed","ping_status":"closed","sticky":false,"template":"","format":"standard","meta":{"footnotes":""},"categories":[1],"tags":[],"_links":{"self":[{"href":"http:\/\/biblioteka.oswg-wawa.edu.pl\/index.php\/wp-json\/wp\/v2\/posts\/321"}],"collection":[{"href":"http:\/\/biblioteka.oswg-wawa.edu.pl\/index.php\/wp-json\/wp\/v2\/posts"}],"about":[{"href":"http:\/\/biblioteka.oswg-wawa.edu.pl\/index.php\/wp-json\/wp\/v2\/types\/post"}],"author":[{"embeddable":true,"href":"http:\/\/biblioteka.oswg-wawa.edu.pl\/index.php\/wp-json\/wp\/v2\/users\/2"}],"replies":[{"embeddable":true,"href":"http:\/\/biblioteka.oswg-wawa.edu.pl\/index.php\/wp-json\/wp\/v2\/comments?post=321"}],"version-history":[{"count":1,"href":"http:\/\/biblioteka.oswg-wawa.edu.pl\/index.php\/wp-json\/wp\/v2\/posts\/321\/revisions"}],"predecessor-version":[{"id":322,"href":"http:\/\/biblioteka.oswg-wawa.edu.pl\/index.php\/wp-json\/wp\/v2\/posts\/321\/revisions\/322"}],"wp:attachment":[{"href":"http:\/\/biblioteka.oswg-wawa.edu.pl\/index.php\/wp-json\/wp\/v2\/media?parent=321"}],"wp:term":[{"taxonomy":"category","embeddable":true,"href":"http:\/\/biblioteka.oswg-wawa.edu.pl\/index.php\/wp-json\/wp\/v2\/categories?post=321"},{"taxonomy":"post_tag","embeddable":true,"href":"http:\/\/biblioteka.oswg-wawa.edu.pl\/index.php\/wp-json\/wp\/v2\/tags?post=321"}],"curies":[{"name":"wp","href":"https:\/\/api.w.org\/{rel}","templated":true}]}}